{"id":5328,"date":"2022-06-06T16:41:25","date_gmt":"2022-06-06T14:41:25","guid":{"rendered":"https:\/\/theluuxx-photographe.fr\/getting-married-in-autumn-in-toulouse\/"},"modified":"2022-06-06T16:41:26","modified_gmt":"2022-06-06T14:41:26","slug":"getting-married-in-autumn-in-toulouse","status":"publish","type":"post","link":"https:\/\/theluuxx-photographe.fr\/en\/getting-married-in-autumn-in-toulouse\/","title":{"rendered":"Getting married in autumn in Toulouse"},"content":{"rendered":"\t\t<div data-elementor-type=\"wp-post\" data-elementor-id=\"5328\" class=\"elementor elementor-5328 elementor-1549\" data-elementor-post-type=\"post\">\n\t\t\t\t\t\t<section class=\"elementor-section elementor-top-section elementor-element elementor-element-2bb562ae elementor-section-boxed elementor-section-height-default elementor-section-height-default\" data-id=\"2bb562ae\" data-element_type=\"section\">\n\t\t\t\t\t\t<div class=\"elementor-container elementor-column-gap-default\">\n\t\t\t\t\t<div class=\"elementor-column elementor-col-100 elementor-top-column elementor-element elementor-element-5d0ce269\" data-id=\"5d0ce269\" data-element_type=\"column\">\n\t\t\t<div class=\"elementor-widget-wrap elementor-element-populated\">\n\t\t\t\t\t\t<div class=\"elementor-element elementor-element-25f76762 elementor-widget elementor-widget-text-editor\" data-id=\"25f76762\" data-element_type=\"widget\" data-widget_type=\"text-editor.default\">\n\t\t\t\t<div class=\"elementor-widget-container\">\n\t\t\t<style>\/*! elementor - v3.20.0 - 20-03-2024 *\/\n.elementor-widget-text-editor.elementor-drop-cap-view-stacked .elementor-drop-cap{background-color:#69727d;color:#fff}.elementor-widget-text-editor.elementor-drop-cap-view-framed .elementor-drop-cap{color:#69727d;border:3px solid;background-color:transparent}.elementor-widget-text-editor:not(.elementor-drop-cap-view-default) .elementor-drop-cap{margin-top:8px}.elementor-widget-text-editor:not(.elementor-drop-cap-view-default) .elementor-drop-cap-letter{width:1em;height:1em}.elementor-widget-text-editor .elementor-drop-cap{float:left;text-align:center;line-height:1;font-size:50px}.elementor-widget-text-editor .elementor-drop-cap-letter{display:inline-block}<\/style>\t\t\t\t<h2 style=\"text-align: center;\"><em>Se marier en automne \u00e0 Toulouse est une tr\u00e8s belle id\u00e9e, les couleurs de la nature sont belles et chaleureuses !<\/em><\/h2><p style=\"text-align: center;\"><em style=\"color: var( --e-global-color-text ); font-family: var( --e-global-typography-text-font-family ), Sans-serif;\">Se marier en dehors de la haute saison des mariages pr\u00e9sente de tr\u00e8s nombreux avantages : la disponibilit\u00e9 de vos amis et prestataires, l&#8217;originalit\u00e9, les temp\u00e9ratures plus cl\u00e9mentes, et \u00e9videmment les tarifs plus doux pour organiser votre <strong>mariage<\/strong>.<\/em><\/p><p style=\"text-align: center;\"><em style=\"color: var( --e-global-color-text ); font-family: var( --e-global-typography-text-font-family ), Sans-serif;\">Il y&#8217;a quelques mois, nous nous sommes rencontr\u00e9es avec<strong><a href=\"https:\/\/www.audegrosbois.com\" target=\"_blank\" rel=\"noopener\"> Aude Grosbois<\/a><\/strong> pour r\u00e9aliser ce beau shooting. Nous adorons l&#8217;automne et les pays Scandinaves.<\/em><span style=\"color: var( --e-global-color-text ); font-family: var( --e-global-typography-text-font-family ), Sans-serif;\">\u00a0<\/span><i style=\"color: var( --e-global-color-text ); font-family: var( --e-global-typography-text-font-family ), Sans-serif;\">Etant toutes les deux investies dans l&#8217;\u00e9co-responsabilit\u00e9, nous avons r\u00e9alis\u00e9 ce shooting d&#8217;inspiration autant que possible en choisissant des prestataires\u00a0<\/i><i>locaux<\/i><i style=\"color: var( --e-global-color-text ); font-family: var( --e-global-typography-text-font-family ), Sans-serif;\">\u00a0dans un\u00a0<\/i><span style=\"color: var( --e-global-color-text ); font-family: var( --e-global-typography-text-font-family ), Sans-serif; font-style: italic;\">domaine au sud de <strong>Toulouse<\/strong>, \u00e0 Eaunes.\u00a0<\/span><\/p><p style=\"text-align: center;\"><span style=\"color: var( --e-global-color-text ); font-family: var( --e-global-typography-text-font-family ), Sans-serif;\">Lorsque nous arrivons sur les lieux, le 27 octobre 2021, \u00a0une ambiance tr\u00e8s automnale nous y attend, avec de la brume ! La brume\u00a0<\/span><span style=\"color: var( --e-global-color-text ); font-family: var( --e-global-typography-text-font-family ), Sans-serif;\">dispara\u00eetra tr\u00e8s rapidement pour laisser placer \u00e0 une superbe lumi\u00e8re chaleureuse d&#8217;automne ! Nous avons de la chance en <strong>Occitanie<\/strong> de conna\u00eetre r\u00e9guli\u00e8rement de tr\u00e8s beaux mois d&#8217;octobre et novembre.<\/span><\/p>\t\t\t\t\t\t<\/div>\n\t\t\t\t<\/div>\n\t\t\t\t\t<\/div>\n\t\t<\/div>\n\t\t\t\t\t<\/div>\n\t\t<\/section>\n\t\t\t\t<section class=\"elementor-section elementor-top-section elementor-element elementor-element-f414cb5 elementor-section-boxed elementor-section-height-default elementor-section-height-default\" data-id=\"f414cb5\" data-element_type=\"section\">\n\t\t\t\t\t\t<div class=\"elementor-container elementor-column-gap-default\">\n\t\t\t\t\t<div class=\"elementor-column elementor-col-100 elementor-top-column elementor-element elementor-element-ceee760\" data-id=\"ceee760\" data-element_type=\"column\">\n\t\t\t<div class=\"elementor-widget-wrap elementor-element-populated\">\n\t\t\t\t\t\t<div class=\"elementor-element elementor-element-0830aaa elementor-widget elementor-widget-text-editor\" data-id=\"0830aaa\" data-element_type=\"widget\" data-widget_type=\"text-editor.default\">\n\t\t\t\t<div class=\"elementor-widget-container\">\n\t\t\t\t\t\t\t<p><img fetchpriority=\"high\" decoding=\"async\" class=\"aligncenter wp-image-1551 size-full\" style=\"color: var( --e-global-color-text ); font-family: var( --e-global-typography-text-font-family ), Sans-serif;\" src=\"https:\/\/theluuxx-photographe.fr\/wp-content\/uploads\/2021\/11\/1_THELUUXX_Shooting_Hygge_Domaine-scaled.jpg\" alt=\"\" width=\"2560\" height=\"1709\" srcset=\"https:\/\/theluuxx-photographe.fr\/wp-content\/uploads\/2021\/11\/1_THELUUXX_Shooting_Hygge_Domaine-scaled.jpg 2560w, https:\/\/theluuxx-photographe.fr\/wp-content\/uploads\/2021\/11\/1_THELUUXX_Shooting_Hygge_Domaine-300x200.jpg 300w, https:\/\/theluuxx-photographe.fr\/wp-content\/uploads\/2021\/11\/1_THELUUXX_Shooting_Hygge_Domaine-1024x684.jpg 1024w, https:\/\/theluuxx-photographe.fr\/wp-content\/uploads\/2021\/11\/1_THELUUXX_Shooting_Hygge_Domaine-768x513.jpg 768w, https:\/\/theluuxx-photographe.fr\/wp-content\/uploads\/2021\/11\/1_THELUUXX_Shooting_Hygge_Domaine-1536x1025.jpg 1536w, https:\/\/theluuxx-photographe.fr\/wp-content\/uploads\/2021\/11\/1_THELUUXX_Shooting_Hygge_Domaine-2048x1367.jpg 2048w\" sizes=\"(max-width: 2560px) 100vw, 2560px\" \/><\/p><p><img decoding=\"async\" class=\"aligncenter wp-image-1555 size-full\" src=\"https:\/\/theluuxx-photographe.fr\/wp-content\/uploads\/2021\/11\/2_THELUUXX_Shooting_Hygge_Accessoires-scaled.jpg\" alt=\"\" width=\"2560\" height=\"1690\" srcset=\"https:\/\/theluuxx-photographe.fr\/wp-content\/uploads\/2021\/11\/2_THELUUXX_Shooting_Hygge_Accessoires-scaled.jpg 2560w, https:\/\/theluuxx-photographe.fr\/wp-content\/uploads\/2021\/11\/2_THELUUXX_Shooting_Hygge_Accessoires-300x198.jpg 300w, https:\/\/theluuxx-photographe.fr\/wp-content\/uploads\/2021\/11\/2_THELUUXX_Shooting_Hygge_Accessoires-1024x676.jpg 1024w, https:\/\/theluuxx-photographe.fr\/wp-content\/uploads\/2021\/11\/2_THELUUXX_Shooting_Hygge_Accessoires-768x507.jpg 768w, https:\/\/theluuxx-photographe.fr\/wp-content\/uploads\/2021\/11\/2_THELUUXX_Shooting_Hygge_Accessoires-1536x1014.jpg 1536w, https:\/\/theluuxx-photographe.fr\/wp-content\/uploads\/2021\/11\/2_THELUUXX_Shooting_Hygge_Accessoires-2048x1352.jpg 2048w\" sizes=\"(max-width: 2560px) 100vw, 2560px\" \/><\/p><p><img decoding=\"async\" class=\"aligncenter wp-image-1552 size-full\" src=\"https:\/\/theluuxx-photographe.fr\/wp-content\/uploads\/2021\/11\/2_THELUUXX_Shooting_Hygge_Accessoires-4-scaled.jpg\" alt=\"\" width=\"2560\" height=\"1707\" srcset=\"https:\/\/theluuxx-photographe.fr\/wp-content\/uploads\/2021\/11\/2_THELUUXX_Shooting_Hygge_Accessoires-4-scaled.jpg 2560w, https:\/\/theluuxx-photographe.fr\/wp-content\/uploads\/2021\/11\/2_THELUUXX_Shooting_Hygge_Accessoires-4-300x200.jpg 300w, https:\/\/theluuxx-photographe.fr\/wp-content\/uploads\/2021\/11\/2_THELUUXX_Shooting_Hygge_Accessoires-4-1024x683.jpg 1024w, https:\/\/theluuxx-photographe.fr\/wp-content\/uploads\/2021\/11\/2_THELUUXX_Shooting_Hygge_Accessoires-4-768x512.jpg 768w, https:\/\/theluuxx-photographe.fr\/wp-content\/uploads\/2021\/11\/2_THELUUXX_Shooting_Hygge_Accessoires-4-1536x1024.jpg 1536w, https:\/\/theluuxx-photographe.fr\/wp-content\/uploads\/2021\/11\/2_THELUUXX_Shooting_Hygge_Accessoires-4-2048x1366.jpg 2048w\" sizes=\"(max-width: 2560px) 100vw, 2560px\" \/><\/p>\t\t\t\t\t\t<\/div>\n\t\t\t\t<\/div>\n\t\t\t\t<div class=\"elementor-element elementor-element-fced55a elementor-widget elementor-widget-text-editor\" data-id=\"fced55a\" data-element_type=\"widget\" data-widget_type=\"text-editor.default\">\n\t\t\t\t<div class=\"elementor-widget-container\">\n\t\t\t\t\t\t\t<h3 style=\"text-align: center;\">Les pr\u00e9paratifs des mari\u00e9s au domaine<\/h3><p>Les <strong>pr\u00e9paratifs<\/strong> de la mari\u00e9e et du mari\u00e9 commencent pendant que le soleil commence \u00e0 percer la brume matinale. Les pr\u00e9paratifs sont toujours un superbe moment hors du temps avant l&#8217;excitation de la <strong>c\u00e9r\u00e9monie<\/strong> !<\/p><p><span style=\"color: var( --e-global-color-text ); font-family: var( --e-global-typography-text-font-family ), Sans-serif;\">Les futurs mari\u00e9s ne sont pas encore vus dans leurs tenues, et vont bient\u00f4t se d\u00e9couvrir dehors dans un endroit proche de l&#8217;arche pr\u00e9par\u00e9 pour leur c\u00e9r\u00e9monie la\u00efque, sur l&#8217;\u00eele.\u00a0<\/span>Sophie, de dos, \u00a0attendra Julien qui arrivera avec son superbe bouquet de mariage dans les mains. Le bouquet a \u00e9t\u00e9 r\u00e9alis\u00e9 en fleurs s\u00e9ch\u00e9es, assorties \u00e0 la boutonni\u00e8re de Julien et \u00e0 la d\u00e9coration de la table d&#8217;honneur. Le bouquet et les d\u00e9corations sont en fleurs s\u00e9ch\u00e9es et pourront alors \u00eatre conserv\u00e9s apr\u00e8s le mariage.<\/p>\t\t\t\t\t\t<\/div>\n\t\t\t\t<\/div>\n\t\t\t\t<div class=\"elementor-element elementor-element-3aae6f1 elementor-widget elementor-widget-gallery\" data-id=\"3aae6f1\" data-element_type=\"widget\" data-settings=\"{&quot;columns&quot;:3,&quot;aspect_ratio&quot;:&quot;1:1&quot;,&quot;lazyload&quot;:&quot;yes&quot;,&quot;gallery_layout&quot;:&quot;grid&quot;,&quot;columns_tablet&quot;:2,&quot;columns_mobile&quot;:1,&quot;gap&quot;:{&quot;unit&quot;:&quot;px&quot;,&quot;size&quot;:10,&quot;sizes&quot;:[]},&quot;gap_tablet&quot;:{&quot;unit&quot;:&quot;px&quot;,&quot;size&quot;:10,&quot;sizes&quot;:[]},&quot;gap_mobile&quot;:{&quot;unit&quot;:&quot;px&quot;,&quot;size&quot;:10,&quot;sizes&quot;:[]},&quot;link_to&quot;:&quot;file&quot;,&quot;overlay_background&quot;:&quot;yes&quot;,&quot;content_hover_animation&quot;:&quot;fade-in&quot;}\" data-widget_type=\"gallery.default\">\n\t\t\t\t<div class=\"elementor-widget-container\">\n\t\t\t<style>\/*! elementor-pro - v3.20.0 - 20-03-2024 *\/\n.elementor-gallery__container{min-height:1px}.elementor-gallery-item{position:relative;overflow:hidden;display:block;text-decoration:none;border:solid var(--image-border-width) var(--image-border-color);border-radius:var(--image-border-radius)}.elementor-gallery-item__content,.elementor-gallery-item__overlay{height:100%;width:100%;position:absolute;top:0;left:0}.elementor-gallery-item__overlay{mix-blend-mode:var(--overlay-mix-blend-mode);transition-duration:var(--overlay-transition-duration);transition-property:mix-blend-mode,transform,opacity,background-color}.elementor-gallery-item__image.e-gallery-image{transition-duration:var(--image-transition-duration);transition-property:filter,transform}.elementor-gallery-item__content{display:flex;flex-direction:column;justify-content:var(--content-justify-content,center);align-items:center;text-align:var(--content-text-align);padding:var(--content-padding)}.elementor-gallery-item__content>div{transition-duration:var(--content-transition-duration)}.elementor-gallery-item__content.elementor-gallery--sequenced-animation>div:nth-child(2){transition-delay:calc(var(--content-transition-delay) \/ 3)}.elementor-gallery-item__content.elementor-gallery--sequenced-animation>div:nth-child(3){transition-delay:calc(var(--content-transition-delay) \/ 3 * 2)}.elementor-gallery-item__content.elementor-gallery--sequenced-animation>div:nth-child(4){transition-delay:calc(var(--content-transition-delay) \/ 3 * 3)}.elementor-gallery-item__description{color:var(--description-text-color,#fff);width:100%}.elementor-gallery-item__title{color:var(--title-text-color,#fff);font-weight:700;width:100%}.elementor-gallery__titles-container{display:flex;flex-wrap:wrap;justify-content:var(--titles-container-justify-content,center);margin-bottom:20px}.elementor-gallery__titles-container:not(.e--pointer-framed) .elementor-item:after,.elementor-gallery__titles-container:not(.e--pointer-framed) .elementor-item:before{background-color:var(--galleries-pointer-bg-color-hover)}.elementor-gallery__titles-container:not(.e--pointer-framed) .elementor-item.elementor-item-active:after,.elementor-gallery__titles-container:not(.e--pointer-framed) .elementor-item.elementor-item-active:before{background-color:var(--galleries-pointer-bg-color-active)}.elementor-gallery__titles-container.e--pointer-framed .elementor-item:before{border-color:var(--galleries-pointer-bg-color-hover);border-width:var(--galleries-pointer-border-width)}.elementor-gallery__titles-container.e--pointer-framed .elementor-item:after{border-color:var(--galleries-pointer-bg-color-hover)}.elementor-gallery__titles-container.e--pointer-framed .elementor-item.elementor-item-active:after,.elementor-gallery__titles-container.e--pointer-framed .elementor-item.elementor-item-active:before{border-color:var(--galleries-pointer-bg-color-active)}.elementor-gallery__titles-container.e--pointer-framed.e--animation-draw .elementor-item:before{border-left-width:var(--galleries-pointer-border-width);border-bottom-width:var(--galleries-pointer-border-width);border-right-width:0;border-top-width:0}.elementor-gallery__titles-container.e--pointer-framed.e--animation-draw .elementor-item:after{border-left-width:0;border-bottom-width:0;border-right-width:var(--galleries-pointer-border-width);border-top-width:var(--galleries-pointer-border-width)}.elementor-gallery__titles-container.e--pointer-framed.e--animation-corners .elementor-item:before{border-left-width:var(--galleries-pointer-border-width);border-bottom-width:0;border-right-width:0;border-top-width:var(--galleries-pointer-border-width)}.elementor-gallery__titles-container.e--pointer-framed.e--animation-corners .elementor-item:after{border-left-width:0;border-bottom-width:var(--galleries-pointer-border-width);border-right-width:var(--galleries-pointer-border-width);border-top-width:0}.elementor-gallery__titles-container .e--pointer-double-line .elementor-item:after,.elementor-gallery__titles-container .e--pointer-double-line .elementor-item:before,.elementor-gallery__titles-container .e--pointer-overline .elementor-item:before,.elementor-gallery__titles-container .e--pointer-underline .elementor-item:after{height:var(--galleries-pointer-border-width)}.elementor-gallery-title{--space-between:10px;cursor:pointer;color:#6d7882;font-weight:500;position:relative;padding:7px 14px;transition:all .3s}.elementor-gallery-title--active{color:#495157}.elementor-gallery-title:not(:last-child){margin-right:var(--space-between)}.elementor-gallery-item__title+.elementor-gallery-item__description{margin-top:var(--description-margin-top)}.e-gallery-item.elementor-gallery-item{transition-property:all}.e-gallery-item.elementor-animated-content .elementor-animated-item--enter-from-bottom,.e-gallery-item.elementor-animated-content .elementor-animated-item--enter-from-left,.e-gallery-item.elementor-animated-content .elementor-animated-item--enter-from-right,.e-gallery-item.elementor-animated-content .elementor-animated-item--enter-from-top,.e-gallery-item:focus .elementor-gallery__item-overlay-bg,.e-gallery-item:focus .elementor-gallery__item-overlay-content,.e-gallery-item:focus .elementor-gallery__item-overlay-content__description,.e-gallery-item:focus .elementor-gallery__item-overlay-content__title,.e-gallery-item:hover .elementor-gallery__item-overlay-bg,.e-gallery-item:hover .elementor-gallery__item-overlay-content,.e-gallery-item:hover .elementor-gallery__item-overlay-content__description,.e-gallery-item:hover .elementor-gallery__item-overlay-content__title{opacity:1}a.elementor-item.elementor-gallery-title{color:var(--galleries-title-color-normal)}a.elementor-item.elementor-gallery-title.elementor-item-active,a.elementor-item.elementor-gallery-title.highlighted,a.elementor-item.elementor-gallery-title:focus,a.elementor-item.elementor-gallery-title:hover{color:var(--galleries-title-color-hover)}a.elementor-item.elementor-gallery-title.elementor-item-active{color:var(--gallery-title-color-active)}.e-con-inner>.elementor-widget-gallery,.e-con>.elementor-widget-gallery{width:var(--container-widget-width);--flex-grow:var(--container-widget-flex-grow)}<\/style>\t\t<div class=\"elementor-gallery__container\">\n\t\t\t\t\t\t\t<a class=\"e-gallery-item elementor-gallery-item elementor-animated-content\" href=\"https:\/\/theluuxx-photographe.fr\/wp-content\/uploads\/2021\/11\/3_THELUUXX_Shooting_Hygge_Preparatifs-13-scaled.jpg\" data-elementor-open-lightbox=\"yes\" data-elementor-lightbox-slideshow=\"3aae6f1\" data-elementor-lightbox-title=\"Photographie mariage automne Toulouse\" data-elementor-lightbox-description=\"Photographie mariage automne Toulouse\" data-e-action-hash=\"#elementor-action%3Aaction%3Dlightbox%26settings%3DeyJpZCI6MTU1NiwidXJsIjoiaHR0cHM6XC9cL3RoZWx1dXh4LXBob3RvZ3JhcGhlLmZyXC93cC1jb250ZW50XC91cGxvYWRzXC8yMDIxXC8xMVwvM19USEVMVVVYWF9TaG9vdGluZ19IeWdnZV9QcmVwYXJhdGlmcy0xMy1zY2FsZWQuanBnIiwic2xpZGVzaG93IjoiM2FhZTZmMSJ9\">\n\t\t\t\t\t<div class=\"e-gallery-image elementor-gallery-item__image\" data-thumbnail=\"https:\/\/theluuxx-photographe.fr\/wp-content\/uploads\/2021\/11\/3_THELUUXX_Shooting_Hygge_Preparatifs-13-scaled.jpg\" data-width=\"2560\" data-height=\"1703\" aria-label=\"Photographie mariage automne Toulouse\" role=\"img\" ><\/div>\n\t\t\t\t\t\t\t\t\t\t\t<div class=\"elementor-gallery-item__overlay\"><\/div>\n\t\t\t\t\t\t\t\t\t\t\t\t\t\t<\/a>\n\t\t\t\t\t\t\t<a class=\"e-gallery-item elementor-gallery-item elementor-animated-content\" href=\"https:\/\/theluuxx-photographe.fr\/wp-content\/uploads\/2021\/11\/3_THELUUXX_Shooting_Hygge_Preparatifs-23-scaled.jpg\" data-elementor-open-lightbox=\"yes\" data-elementor-lightbox-slideshow=\"3aae6f1\" data-elementor-lightbox-title=\"Photographie mariage automne Toulouse\" data-elementor-lightbox-description=\"Photographie mariage automne Toulouse\" data-e-action-hash=\"#elementor-action%3Aaction%3Dlightbox%26settings%3DeyJpZCI6MTU1OCwidXJsIjoiaHR0cHM6XC9cL3RoZWx1dXh4LXBob3RvZ3JhcGhlLmZyXC93cC1jb250ZW50XC91cGxvYWRzXC8yMDIxXC8xMVwvM19USEVMVVVYWF9TaG9vdGluZ19IeWdnZV9QcmVwYXJhdGlmcy0yMy1zY2FsZWQuanBnIiwic2xpZGVzaG93IjoiM2FhZTZmMSJ9\">\n\t\t\t\t\t<div class=\"e-gallery-image elementor-gallery-item__image\" data-thumbnail=\"https:\/\/theluuxx-photographe.fr\/wp-content\/uploads\/2021\/11\/3_THELUUXX_Shooting_Hygge_Preparatifs-23-scaled.jpg\" data-width=\"2560\" data-height=\"1709\" aria-label=\"Photographie mariage automne Toulouse\" role=\"img\" ><\/div>\n\t\t\t\t\t\t\t\t\t\t\t<div class=\"elementor-gallery-item__overlay\"><\/div>\n\t\t\t\t\t\t\t\t\t\t\t\t\t\t<\/a>\n\t\t\t\t\t\t\t<a class=\"e-gallery-item elementor-gallery-item elementor-animated-content\" href=\"https:\/\/theluuxx-photographe.fr\/wp-content\/uploads\/2021\/11\/3_THELUUXX_Shooting_Hygge_Preparatifs-31-scaled.jpg\" data-elementor-open-lightbox=\"yes\" data-elementor-lightbox-slideshow=\"3aae6f1\" data-elementor-lightbox-title=\"Photographie mariage automne Toulouse\" data-elementor-lightbox-description=\"Photographie mariage automne Toulouse\" data-e-action-hash=\"#elementor-action%3Aaction%3Dlightbox%26settings%3DeyJpZCI6MTU1OSwidXJsIjoiaHR0cHM6XC9cL3RoZWx1dXh4LXBob3RvZ3JhcGhlLmZyXC93cC1jb250ZW50XC91cGxvYWRzXC8yMDIxXC8xMVwvM19USEVMVVVYWF9TaG9vdGluZ19IeWdnZV9QcmVwYXJhdGlmcy0zMS1zY2FsZWQuanBnIiwic2xpZGVzaG93IjoiM2FhZTZmMSJ9\">\n\t\t\t\t\t<div class=\"e-gallery-image elementor-gallery-item__image\" data-thumbnail=\"https:\/\/theluuxx-photographe.fr\/wp-content\/uploads\/2021\/11\/3_THELUUXX_Shooting_Hygge_Preparatifs-31-scaled.jpg\" data-width=\"2560\" data-height=\"1699\" aria-label=\"Photographie mariage automne Toulouse\" role=\"img\" ><\/div>\n\t\t\t\t\t\t\t\t\t\t\t<div class=\"elementor-gallery-item__overlay\"><\/div>\n\t\t\t\t\t\t\t\t\t\t\t\t\t\t<\/a>\n\t\t\t\t\t<\/div>\n\t\t\t<\/div>\n\t\t\t\t<\/div>\n\t\t\t\t<div class=\"elementor-element elementor-element-c85949b elementor-widget elementor-widget-gallery\" data-id=\"c85949b\" data-element_type=\"widget\" data-settings=\"{&quot;columns&quot;:3,&quot;aspect_ratio&quot;:&quot;1:1&quot;,&quot;lazyload&quot;:&quot;yes&quot;,&quot;gallery_layout&quot;:&quot;grid&quot;,&quot;columns_tablet&quot;:2,&quot;columns_mobile&quot;:1,&quot;gap&quot;:{&quot;unit&quot;:&quot;px&quot;,&quot;size&quot;:10,&quot;sizes&quot;:[]},&quot;gap_tablet&quot;:{&quot;unit&quot;:&quot;px&quot;,&quot;size&quot;:10,&quot;sizes&quot;:[]},&quot;gap_mobile&quot;:{&quot;unit&quot;:&quot;px&quot;,&quot;size&quot;:10,&quot;sizes&quot;:[]},&quot;link_to&quot;:&quot;file&quot;,&quot;overlay_background&quot;:&quot;yes&quot;,&quot;content_hover_animation&quot;:&quot;fade-in&quot;}\" data-widget_type=\"gallery.default\">\n\t\t\t\t<div class=\"elementor-widget-container\">\n\t\t\t\t\t<div class=\"elementor-gallery__container\">\n\t\t\t\t\t\t\t<a class=\"e-gallery-item elementor-gallery-item elementor-animated-content\" href=\"https:\/\/theluuxx-photographe.fr\/wp-content\/uploads\/2021\/11\/4_THELUUXX_Shooting_Hygge_Ceremonie_couple-3-scaled.jpg\" data-elementor-open-lightbox=\"yes\" data-elementor-lightbox-slideshow=\"c85949b\" data-elementor-lightbox-title=\"Photographie mariage automne Toulouse\" data-elementor-lightbox-description=\"Photographie mariage automne Toulouse\" data-e-action-hash=\"#elementor-action%3Aaction%3Dlightbox%26settings%3DeyJpZCI6MTU2MSwidXJsIjoiaHR0cHM6XC9cL3RoZWx1dXh4LXBob3RvZ3JhcGhlLmZyXC93cC1jb250ZW50XC91cGxvYWRzXC8yMDIxXC8xMVwvNF9USEVMVVVYWF9TaG9vdGluZ19IeWdnZV9DZXJlbW9uaWVfY291cGxlLTMtc2NhbGVkLmpwZyIsInNsaWRlc2hvdyI6ImM4NTk0OWIifQ%3D%3D\">\n\t\t\t\t\t<div class=\"e-gallery-image elementor-gallery-item__image\" data-thumbnail=\"https:\/\/theluuxx-photographe.fr\/wp-content\/uploads\/2021\/11\/4_THELUUXX_Shooting_Hygge_Ceremonie_couple-3-scaled.jpg\" data-width=\"2560\" data-height=\"1795\" aria-label=\"Photographie mariage automne Toulouse\" role=\"img\" ><\/div>\n\t\t\t\t\t\t\t\t\t\t\t<div class=\"elementor-gallery-item__overlay\"><\/div>\n\t\t\t\t\t\t\t\t\t\t\t\t\t\t<\/a>\n\t\t\t\t\t\t\t<a class=\"e-gallery-item elementor-gallery-item elementor-animated-content\" href=\"https:\/\/theluuxx-photographe.fr\/wp-content\/uploads\/2021\/11\/4_THELUUXX_Shooting_Hygge_Ceremonie_couple-6-scaled.jpg\" data-elementor-open-lightbox=\"yes\" data-elementor-lightbox-slideshow=\"c85949b\" data-elementor-lightbox-title=\"Photographie mariage automne Toulouse\" data-elementor-lightbox-description=\"Photographie mariage automne Toulouse\" data-e-action-hash=\"#elementor-action%3Aaction%3Dlightbox%26settings%3DeyJpZCI6MTU2MywidXJsIjoiaHR0cHM6XC9cL3RoZWx1dXh4LXBob3RvZ3JhcGhlLmZyXC93cC1jb250ZW50XC91cGxvYWRzXC8yMDIxXC8xMVwvNF9USEVMVVVYWF9TaG9vdGluZ19IeWdnZV9DZXJlbW9uaWVfY291cGxlLTYtc2NhbGVkLmpwZyIsInNsaWRlc2hvdyI6ImM4NTk0OWIifQ%3D%3D\">\n\t\t\t\t\t<div class=\"e-gallery-image elementor-gallery-item__image\" data-thumbnail=\"https:\/\/theluuxx-photographe.fr\/wp-content\/uploads\/2021\/11\/4_THELUUXX_Shooting_Hygge_Ceremonie_couple-6-scaled.jpg\" data-width=\"2560\" data-height=\"1709\" aria-label=\"Photographie mariage automne Toulouse\" role=\"img\" ><\/div>\n\t\t\t\t\t\t\t\t\t\t\t<div class=\"elementor-gallery-item__overlay\"><\/div>\n\t\t\t\t\t\t\t\t\t\t\t\t\t\t<\/a>\n\t\t\t\t\t\t\t<a class=\"e-gallery-item elementor-gallery-item elementor-animated-content\" href=\"https:\/\/theluuxx-photographe.fr\/wp-content\/uploads\/2021\/11\/4_THELUUXX_Shooting_Hygge_Ceremonie_couple-8-scaled.jpg\" data-elementor-open-lightbox=\"yes\" data-elementor-lightbox-slideshow=\"c85949b\" data-elementor-lightbox-title=\"Photographie mariage automne Toulouse\" data-elementor-lightbox-description=\"Photographie mariage automne Toulouse\" data-e-action-hash=\"#elementor-action%3Aaction%3Dlightbox%26settings%3DeyJpZCI6MTU2NSwidXJsIjoiaHR0cHM6XC9cL3RoZWx1dXh4LXBob3RvZ3JhcGhlLmZyXC93cC1jb250ZW50XC91cGxvYWRzXC8yMDIxXC8xMVwvNF9USEVMVVVYWF9TaG9vdGluZ19IeWdnZV9DZXJlbW9uaWVfY291cGxlLTgtc2NhbGVkLmpwZyIsInNsaWRlc2hvdyI6ImM4NTk0OWIifQ%3D%3D\">\n\t\t\t\t\t<div class=\"e-gallery-image elementor-gallery-item__image\" data-thumbnail=\"https:\/\/theluuxx-photographe.fr\/wp-content\/uploads\/2021\/11\/4_THELUUXX_Shooting_Hygge_Ceremonie_couple-8-scaled.jpg\" data-width=\"2560\" data-height=\"1709\" aria-label=\"Photographie mariage automne Toulouse\" role=\"img\" ><\/div>\n\t\t\t\t\t\t\t\t\t\t\t<div class=\"elementor-gallery-item__overlay\"><\/div>\n\t\t\t\t\t\t\t\t\t\t\t\t\t\t<\/a>\n\t\t\t\t\t<\/div>\n\t\t\t<\/div>\n\t\t\t\t<\/div>\n\t\t\t\t<div class=\"elementor-element elementor-element-af48185 elementor-widget elementor-widget-gallery\" data-id=\"af48185\" data-element_type=\"widget\" data-settings=\"{&quot;aspect_ratio&quot;:&quot;1:1&quot;,&quot;columns&quot;:3,&quot;lazyload&quot;:&quot;yes&quot;,&quot;gallery_layout&quot;:&quot;grid&quot;,&quot;columns_tablet&quot;:2,&quot;columns_mobile&quot;:1,&quot;gap&quot;:{&quot;unit&quot;:&quot;px&quot;,&quot;size&quot;:10,&quot;sizes&quot;:[]},&quot;gap_tablet&quot;:{&quot;unit&quot;:&quot;px&quot;,&quot;size&quot;:10,&quot;sizes&quot;:[]},&quot;gap_mobile&quot;:{&quot;unit&quot;:&quot;px&quot;,&quot;size&quot;:10,&quot;sizes&quot;:[]},&quot;link_to&quot;:&quot;file&quot;,&quot;overlay_background&quot;:&quot;yes&quot;,&quot;content_hover_animation&quot;:&quot;fade-in&quot;}\" data-widget_type=\"gallery.default\">\n\t\t\t\t<div class=\"elementor-widget-container\">\n\t\t\t\t\t<div class=\"elementor-gallery__container\">\n\t\t\t\t\t\t\t<a class=\"e-gallery-item elementor-gallery-item elementor-animated-content\" href=\"https:\/\/theluuxx-photographe.fr\/wp-content\/uploads\/2021\/11\/4_THELUUXX_Shooting_Hygge_Ceremonie_couple-11-scaled.jpg\" data-elementor-open-lightbox=\"yes\" data-elementor-lightbox-slideshow=\"af48185\" data-elementor-lightbox-title=\"4 THELUUXX Shooting Hygge Ceremonie Couple 11\" data-e-action-hash=\"#elementor-action%3Aaction%3Dlightbox%26settings%3DeyJpZCI6MTU2NiwidXJsIjoiaHR0cHM6XC9cL3RoZWx1dXh4LXBob3RvZ3JhcGhlLmZyXC93cC1jb250ZW50XC91cGxvYWRzXC8yMDIxXC8xMVwvNF9USEVMVVVYWF9TaG9vdGluZ19IeWdnZV9DZXJlbW9uaWVfY291cGxlLTExLXNjYWxlZC5qcGciLCJzbGlkZXNob3ciOiJhZjQ4MTg1In0%3D\">\n\t\t\t\t\t<div class=\"e-gallery-image elementor-gallery-item__image\" data-thumbnail=\"https:\/\/theluuxx-photographe.fr\/wp-content\/uploads\/2021\/11\/4_THELUUXX_Shooting_Hygge_Ceremonie_couple-11-scaled.jpg\" data-width=\"2560\" data-height=\"1709\" aria-label=\"\" role=\"img\" ><\/div>\n\t\t\t\t\t\t\t\t\t\t\t<div class=\"elementor-gallery-item__overlay\"><\/div>\n\t\t\t\t\t\t\t\t\t\t\t\t\t\t<\/a>\n\t\t\t\t\t\t\t<a class=\"e-gallery-item elementor-gallery-item elementor-animated-content\" href=\"https:\/\/theluuxx-photographe.fr\/wp-content\/uploads\/2021\/11\/4_THELUUXX_Shooting_Hygge_Ceremonie_couple-14-scaled.jpg\" data-elementor-open-lightbox=\"yes\" data-elementor-lightbox-slideshow=\"af48185\" data-elementor-lightbox-title=\"4 THELUUXX Shooting Hygge Ceremonie Couple 14\" data-e-action-hash=\"#elementor-action%3Aaction%3Dlightbox%26settings%3DeyJpZCI6MTU2OCwidXJsIjoiaHR0cHM6XC9cL3RoZWx1dXh4LXBob3RvZ3JhcGhlLmZyXC93cC1jb250ZW50XC91cGxvYWRzXC8yMDIxXC8xMVwvNF9USEVMVVVYWF9TaG9vdGluZ19IeWdnZV9DZXJlbW9uaWVfY291cGxlLTE0LXNjYWxlZC5qcGciLCJzbGlkZXNob3ciOiJhZjQ4MTg1In0%3D\">\n\t\t\t\t\t<div class=\"e-gallery-image elementor-gallery-item__image\" data-thumbnail=\"https:\/\/theluuxx-photographe.fr\/wp-content\/uploads\/2021\/11\/4_THELUUXX_Shooting_Hygge_Ceremonie_couple-14-scaled.jpg\" data-width=\"2560\" data-height=\"1709\" aria-label=\"\" role=\"img\" ><\/div>\n\t\t\t\t\t\t\t\t\t\t\t<div class=\"elementor-gallery-item__overlay\"><\/div>\n\t\t\t\t\t\t\t\t\t\t\t\t\t\t<\/a>\n\t\t\t\t\t\t\t<a class=\"e-gallery-item elementor-gallery-item elementor-animated-content\" href=\"https:\/\/theluuxx-photographe.fr\/wp-content\/uploads\/2021\/11\/4_THELUUXX_Shooting_Hygge_Ceremonie_couple-18-scaled.jpg\" data-elementor-open-lightbox=\"yes\" data-elementor-lightbox-slideshow=\"af48185\" data-elementor-lightbox-title=\"4 THELUUXX Shooting Hygge Ceremonie Couple 18\" data-e-action-hash=\"#elementor-action%3Aaction%3Dlightbox%26settings%3DeyJpZCI6MTU3MCwidXJsIjoiaHR0cHM6XC9cL3RoZWx1dXh4LXBob3RvZ3JhcGhlLmZyXC93cC1jb250ZW50XC91cGxvYWRzXC8yMDIxXC8xMVwvNF9USEVMVVVYWF9TaG9vdGluZ19IeWdnZV9DZXJlbW9uaWVfY291cGxlLTE4LXNjYWxlZC5qcGciLCJzbGlkZXNob3ciOiJhZjQ4MTg1In0%3D\">\n\t\t\t\t\t<div class=\"e-gallery-image elementor-gallery-item__image\" data-thumbnail=\"https:\/\/theluuxx-photographe.fr\/wp-content\/uploads\/2021\/11\/4_THELUUXX_Shooting_Hygge_Ceremonie_couple-18-scaled.jpg\" data-width=\"2560\" data-height=\"1709\" aria-label=\"\" role=\"img\" ><\/div>\n\t\t\t\t\t\t\t\t\t\t\t<div class=\"elementor-gallery-item__overlay\"><\/div>\n\t\t\t\t\t\t\t\t\t\t\t\t\t\t<\/a>\n\t\t\t\t\t<\/div>\n\t\t\t<\/div>\n\t\t\t\t<\/div>\n\t\t\t\t<div class=\"elementor-element elementor-element-9bfd154 elementor-widget elementor-widget-text-editor\" data-id=\"9bfd154\" data-element_type=\"widget\" data-widget_type=\"text-editor.default\">\n\t\t\t\t<div class=\"elementor-widget-container\">\n\t\t\t\t\t\t\t<h3 style=\"text-align: center;\">Une magnifique c\u00e9r\u00e9monie la\u00efque avant le coucher du soleil<\/h3><p style=\"caret-color: #000000; color: #000000;\">Nous r\u00e9alisons la s\u00e9ance couple juste avant la <strong>c\u00e9r\u00e9monie la\u00efque<\/strong> d&#8217;\u00e9change des voeux afin de pr\u00e9server ce moment complice de d\u00e9couvert en photos ! La s\u00e9ance couple est un magnifique moment, sans invit\u00e9s, ou vous pouvez vous laisser guider par le photographe. En g\u00e9n\u00e9ral, cela dure un quart d&#8217;heure, ou plus, si l&#8217;agenda du jour le permet.\u00a0<\/p><p style=\"caret-color: #000000; color: #000000;\">La c\u00e9r\u00e9monie est r\u00e9alis\u00e9e en fin de journ\u00e9e, et nous permet d&#8217;avoir une magnifique lumi\u00e8re d&#8217;automne, et de profiter ainsi de la golden hour pour la c\u00e9r\u00e9monie. R\u00e9aliser une c\u00e9r\u00e9monie la\u00efque juste avant le coucher de soleil peut donner de superbes instants \u00e0 capturer en photos, et vos invit\u00e9s auront moins chaud \u00a0que durant l&#8217;apr\u00e8s-midi.\u00a0<\/p><p style=\"caret-color: #000000; color: #000000;\">Delphine a pr\u00e9par\u00e9 un superbe discours en leur honneur, avec un superbe symbole de l&#8217;infini, comme le 8 aout, date de leur rencontre. Les mari\u00e9s s&#8217;\u00e9changent leurs voeux et leurs belles alliances.<\/p>\t\t\t\t\t\t<\/div>\n\t\t\t\t<\/div>\n\t\t\t\t<div class=\"elementor-element elementor-element-18662bf elementor-widget elementor-widget-gallery\" data-id=\"18662bf\" data-element_type=\"widget\" data-settings=\"{&quot;columns&quot;:3,&quot;aspect_ratio&quot;:&quot;1:1&quot;,&quot;lazyload&quot;:&quot;yes&quot;,&quot;gallery_layout&quot;:&quot;grid&quot;,&quot;columns_tablet&quot;:2,&quot;columns_mobile&quot;:1,&quot;gap&quot;:{&quot;unit&quot;:&quot;px&quot;,&quot;size&quot;:10,&quot;sizes&quot;:[]},&quot;gap_tablet&quot;:{&quot;unit&quot;:&quot;px&quot;,&quot;size&quot;:10,&quot;sizes&quot;:[]},&quot;gap_mobile&quot;:{&quot;unit&quot;:&quot;px&quot;,&quot;size&quot;:10,&quot;sizes&quot;:[]},&quot;link_to&quot;:&quot;file&quot;,&quot;overlay_background&quot;:&quot;yes&quot;,&quot;content_hover_animation&quot;:&quot;fade-in&quot;}\" data-widget_type=\"gallery.default\">\n\t\t\t\t<div class=\"elementor-widget-container\">\n\t\t\t\t\t<div class=\"elementor-gallery__container\">\n\t\t\t\t\t\t\t<a class=\"e-gallery-item elementor-gallery-item elementor-animated-content\" href=\"https:\/\/theluuxx-photographe.fr\/wp-content\/uploads\/2021\/11\/4_THELUUXX_Shooting_Hygge_Ceremonie_couple-36-scaled.jpg\" data-elementor-open-lightbox=\"yes\" data-elementor-lightbox-slideshow=\"18662bf\" data-elementor-lightbox-title=\"Photographie Mariage La\u00efque Toulouse\" data-elementor-lightbox-description=\"Photographie Mariage La\u00efque Toulouse\" data-e-action-hash=\"#elementor-action%3Aaction%3Dlightbox%26settings%3DeyJpZCI6MTYyMSwidXJsIjoiaHR0cHM6XC9cL3RoZWx1dXh4LXBob3RvZ3JhcGhlLmZyXC93cC1jb250ZW50XC91cGxvYWRzXC8yMDIxXC8xMVwvNF9USEVMVVVYWF9TaG9vdGluZ19IeWdnZV9DZXJlbW9uaWVfY291cGxlLTM2LXNjYWxlZC5qcGciLCJzbGlkZXNob3ciOiIxODY2MmJmIn0%3D\">\n\t\t\t\t\t<div class=\"e-gallery-image elementor-gallery-item__image\" data-thumbnail=\"https:\/\/theluuxx-photographe.fr\/wp-content\/uploads\/2021\/11\/4_THELUUXX_Shooting_Hygge_Ceremonie_couple-36-scaled.jpg\" data-width=\"2560\" data-height=\"1709\" aria-label=\"Photographie Mariage La\u00efque Toulouse\" role=\"img\" ><\/div>\n\t\t\t\t\t\t\t\t\t\t\t<div class=\"elementor-gallery-item__overlay\"><\/div>\n\t\t\t\t\t\t\t\t\t\t\t\t\t\t<\/a>\n\t\t\t\t\t\t\t<a class=\"e-gallery-item elementor-gallery-item elementor-animated-content\" href=\"https:\/\/theluuxx-photographe.fr\/wp-content\/uploads\/2021\/11\/4_THELUUXX_Shooting_Hygge_Ceremonie_couple-38-scaled.jpg\" data-elementor-open-lightbox=\"yes\" data-elementor-lightbox-slideshow=\"18662bf\" data-elementor-lightbox-title=\"Photographie Mariage La\u00efque Toulouse\" data-elementor-lightbox-description=\"Photographie Mariage La\u00efque Toulouse\" data-e-action-hash=\"#elementor-action%3Aaction%3Dlightbox%26settings%3DeyJpZCI6MTYyMiwidXJsIjoiaHR0cHM6XC9cL3RoZWx1dXh4LXBob3RvZ3JhcGhlLmZyXC93cC1jb250ZW50XC91cGxvYWRzXC8yMDIxXC8xMVwvNF9USEVMVVVYWF9TaG9vdGluZ19IeWdnZV9DZXJlbW9uaWVfY291cGxlLTM4LXNjYWxlZC5qcGciLCJzbGlkZXNob3ciOiIxODY2MmJmIn0%3D\">\n\t\t\t\t\t<div class=\"e-gallery-image elementor-gallery-item__image\" data-thumbnail=\"https:\/\/theluuxx-photographe.fr\/wp-content\/uploads\/2021\/11\/4_THELUUXX_Shooting_Hygge_Ceremonie_couple-38-scaled.jpg\" data-width=\"2560\" data-height=\"1698\" aria-label=\"Photographie Mariage La\u00efque Toulouse\" role=\"img\" ><\/div>\n\t\t\t\t\t\t\t\t\t\t\t<div class=\"elementor-gallery-item__overlay\"><\/div>\n\t\t\t\t\t\t\t\t\t\t\t\t\t\t<\/a>\n\t\t\t\t\t\t\t<a class=\"e-gallery-item elementor-gallery-item elementor-animated-content\" href=\"https:\/\/theluuxx-photographe.fr\/wp-content\/uploads\/2021\/11\/4_THELUUXX_Shooting_Hygge_Ceremonie_couple-40-scaled.jpg\" data-elementor-open-lightbox=\"yes\" data-elementor-lightbox-slideshow=\"18662bf\" data-elementor-lightbox-title=\"4 THELUUXX Shooting Hygge Ceremonie Couple 40\" data-e-action-hash=\"#elementor-action%3Aaction%3Dlightbox%26settings%3DeyJpZCI6MTU3NSwidXJsIjoiaHR0cHM6XC9cL3RoZWx1dXh4LXBob3RvZ3JhcGhlLmZyXC93cC1jb250ZW50XC91cGxvYWRzXC8yMDIxXC8xMVwvNF9USEVMVVVYWF9TaG9vdGluZ19IeWdnZV9DZXJlbW9uaWVfY291cGxlLTQwLXNjYWxlZC5qcGciLCJzbGlkZXNob3ciOiIxODY2MmJmIn0%3D\">\n\t\t\t\t\t<div class=\"e-gallery-image elementor-gallery-item__image\" data-thumbnail=\"https:\/\/theluuxx-photographe.fr\/wp-content\/uploads\/2021\/11\/4_THELUUXX_Shooting_Hygge_Ceremonie_couple-40-scaled.jpg\" data-width=\"2560\" data-height=\"1709\" aria-label=\"\" role=\"img\" ><\/div>\n\t\t\t\t\t\t\t\t\t\t\t<div class=\"elementor-gallery-item__overlay\"><\/div>\n\t\t\t\t\t\t\t\t\t\t\t\t\t\t<\/a>\n\t\t\t\t\t\t\t<a class=\"e-gallery-item elementor-gallery-item elementor-animated-content\" href=\"https:\/\/theluuxx-photographe.fr\/wp-content\/uploads\/2021\/11\/4_THELUUXX_Shooting_Hygge_Ceremonie_couple-49-scaled.jpg\" data-elementor-open-lightbox=\"yes\" data-elementor-lightbox-slideshow=\"18662bf\" data-elementor-lightbox-title=\"Photographie mariage automne Toulouse\" data-elementor-lightbox-description=\"Photographie mariage automne Toulouse\" data-e-action-hash=\"#elementor-action%3Aaction%3Dlightbox%26settings%3DeyJpZCI6MTU3OCwidXJsIjoiaHR0cHM6XC9cL3RoZWx1dXh4LXBob3RvZ3JhcGhlLmZyXC93cC1jb250ZW50XC91cGxvYWRzXC8yMDIxXC8xMVwvNF9USEVMVVVYWF9TaG9vdGluZ19IeWdnZV9DZXJlbW9uaWVfY291cGxlLTQ5LXNjYWxlZC5qcGciLCJzbGlkZXNob3ciOiIxODY2MmJmIn0%3D\">\n\t\t\t\t\t<div class=\"e-gallery-image elementor-gallery-item__image\" data-thumbnail=\"https:\/\/theluuxx-photographe.fr\/wp-content\/uploads\/2021\/11\/4_THELUUXX_Shooting_Hygge_Ceremonie_couple-49-scaled.jpg\" data-width=\"2560\" data-height=\"1709\" aria-label=\"Photographie mariage automne Toulouse\" role=\"img\" ><\/div>\n\t\t\t\t\t\t\t\t\t\t\t<div class=\"elementor-gallery-item__overlay\"><\/div>\n\t\t\t\t\t\t\t\t\t\t\t\t\t\t<\/a>\n\t\t\t\t\t\t\t<a class=\"e-gallery-item elementor-gallery-item elementor-animated-content\" href=\"https:\/\/theluuxx-photographe.fr\/wp-content\/uploads\/2021\/11\/4_THELUUXX_Shooting_Hygge_Ceremonie_couple-43-scaled.jpg\" data-elementor-open-lightbox=\"yes\" data-elementor-lightbox-slideshow=\"18662bf\" data-elementor-lightbox-title=\"4 THELUUXX Shooting Hygge Ceremonie Couple 43\" data-e-action-hash=\"#elementor-action%3Aaction%3Dlightbox%26settings%3DeyJpZCI6MTU3NiwidXJsIjoiaHR0cHM6XC9cL3RoZWx1dXh4LXBob3RvZ3JhcGhlLmZyXC93cC1jb250ZW50XC91cGxvYWRzXC8yMDIxXC8xMVwvNF9USEVMVVVYWF9TaG9vdGluZ19IeWdnZV9DZXJlbW9uaWVfY291cGxlLTQzLXNjYWxlZC5qcGciLCJzbGlkZXNob3ciOiIxODY2MmJmIn0%3D\">\n\t\t\t\t\t<div class=\"e-gallery-image elementor-gallery-item__image\" data-thumbnail=\"https:\/\/theluuxx-photographe.fr\/wp-content\/uploads\/2021\/11\/4_THELUUXX_Shooting_Hygge_Ceremonie_couple-43-scaled.jpg\" data-width=\"2560\" data-height=\"1709\" aria-label=\"\" role=\"img\" ><\/div>\n\t\t\t\t\t\t\t\t\t\t\t<div class=\"elementor-gallery-item__overlay\"><\/div>\n\t\t\t\t\t\t\t\t\t\t\t\t\t\t<\/a>\n\t\t\t\t\t\t\t<a class=\"e-gallery-item elementor-gallery-item elementor-animated-content\" href=\"https:\/\/theluuxx-photographe.fr\/wp-content\/uploads\/2021\/11\/4_THELUUXX_Shooting_Hygge_Ceremonie_couple-47-scaled.jpg\" data-elementor-open-lightbox=\"yes\" data-elementor-lightbox-slideshow=\"18662bf\" data-elementor-lightbox-title=\"4 THELUUXX Shooting Hygge Ceremonie Couple 47\" data-e-action-hash=\"#elementor-action%3Aaction%3Dlightbox%26settings%3DeyJpZCI6MTU3NywidXJsIjoiaHR0cHM6XC9cL3RoZWx1dXh4LXBob3RvZ3JhcGhlLmZyXC93cC1jb250ZW50XC91cGxvYWRzXC8yMDIxXC8xMVwvNF9USEVMVVVYWF9TaG9vdGluZ19IeWdnZV9DZXJlbW9uaWVfY291cGxlLTQ3LXNjYWxlZC5qcGciLCJzbGlkZXNob3ciOiIxODY2MmJmIn0%3D\">\n\t\t\t\t\t<div class=\"e-gallery-image elementor-gallery-item__image\" data-thumbnail=\"https:\/\/theluuxx-photographe.fr\/wp-content\/uploads\/2021\/11\/4_THELUUXX_Shooting_Hygge_Ceremonie_couple-47-scaled.jpg\" data-width=\"2560\" data-height=\"1709\" aria-label=\"\" role=\"img\" ><\/div>\n\t\t\t\t\t\t\t\t\t\t\t<div class=\"elementor-gallery-item__overlay\"><\/div>\n\t\t\t\t\t\t\t\t\t\t\t\t\t\t<\/a>\n\t\t\t\t\t<\/div>\n\t\t\t<\/div>\n\t\t\t\t<\/div>\n\t\t\t\t<div class=\"elementor-element elementor-element-4ea35d7 elementor-widget elementor-widget-text-editor\" data-id=\"4ea35d7\" data-element_type=\"widget\" data-widget_type=\"text-editor.default\">\n\t\t\t\t<div class=\"elementor-widget-container\">\n\t\t\t\t\t\t\t<h3 style=\"text-align: center;\">D\u00e9couverte de la table d&#8217;honneur, inspir\u00e9e de la tendance Hygge<\/h3><p style=\"caret-color: #000000; color: #000000;\">Apr\u00e8s cette magnifique c\u00e9r\u00e9monie la\u00efque sous le signe de l&#8217;amour et de l&#8217;infini, les mari\u00e9s se dirigent \u00e0 l&#8217;int\u00e9rieur ou nous pouvons d\u00e9couvrir la table d&#8217;honneur, pr\u00e9par\u00e9e soigneusement Sourire d&#8217;Aub\u00e9pine. Par chance, la \u00a0journ\u00e9e \u00e9tait superbe et chaude, mais un mariage r\u00e9alis\u00e9 fin octobre peut aussi \u00eatre c\u00e9l\u00e9br\u00e9 avec des temp\u00e9ratures moins cl\u00e9mentes. Pour cela, la d\u00e9coration a \u00e9t\u00e9 saignement pr\u00e9par\u00e9e avec de jolis plaids d&#8217;hiver.<\/p><p style=\"caret-color: #000000; color: #000000;\"><img loading=\"lazy\" decoding=\"async\" class=\"aligncenter wp-image-1584 size-full\" src=\"https:\/\/theluuxx-photographe.fr\/wp-content\/uploads\/2021\/11\/5_THELUUXX_Shooting_Hygge_Table-13-scaled.jpg\" alt=\"\" width=\"2560\" height=\"1769\" srcset=\"https:\/\/theluuxx-photographe.fr\/wp-content\/uploads\/2021\/11\/5_THELUUXX_Shooting_Hygge_Table-13-scaled.jpg 2560w, https:\/\/theluuxx-photographe.fr\/wp-content\/uploads\/2021\/11\/5_THELUUXX_Shooting_Hygge_Table-13-300x207.jpg 300w, https:\/\/theluuxx-photographe.fr\/wp-content\/uploads\/2021\/11\/5_THELUUXX_Shooting_Hygge_Table-13-1024x707.jpg 1024w, https:\/\/theluuxx-photographe.fr\/wp-content\/uploads\/2021\/11\/5_THELUUXX_Shooting_Hygge_Table-13-768x531.jpg 768w, https:\/\/theluuxx-photographe.fr\/wp-content\/uploads\/2021\/11\/5_THELUUXX_Shooting_Hygge_Table-13-1536x1061.jpg 1536w, https:\/\/theluuxx-photographe.fr\/wp-content\/uploads\/2021\/11\/5_THELUUXX_Shooting_Hygge_Table-13-2048x1415.jpg 2048w\" sizes=\"(max-width: 2560px) 100vw, 2560px\" \/><\/p><p style=\"caret-color: #000000; color: #000000;\"><img loading=\"lazy\" decoding=\"async\" class=\"aligncenter wp-image-1585 size-full\" src=\"https:\/\/theluuxx-photographe.fr\/wp-content\/uploads\/2021\/11\/5_THELUUXX_Shooting_Hygge_Table-16-scaled.jpg\" alt=\"\" width=\"2560\" height=\"1754\" srcset=\"https:\/\/theluuxx-photographe.fr\/wp-content\/uploads\/2021\/11\/5_THELUUXX_Shooting_Hygge_Table-16-scaled.jpg 2560w, https:\/\/theluuxx-photographe.fr\/wp-content\/uploads\/2021\/11\/5_THELUUXX_Shooting_Hygge_Table-16-300x206.jpg 300w, https:\/\/theluuxx-photographe.fr\/wp-content\/uploads\/2021\/11\/5_THELUUXX_Shooting_Hygge_Table-16-1024x702.jpg 1024w, https:\/\/theluuxx-photographe.fr\/wp-content\/uploads\/2021\/11\/5_THELUUXX_Shooting_Hygge_Table-16-768x526.jpg 768w, https:\/\/theluuxx-photographe.fr\/wp-content\/uploads\/2021\/11\/5_THELUUXX_Shooting_Hygge_Table-16-1536x1052.jpg 1536w, https:\/\/theluuxx-photographe.fr\/wp-content\/uploads\/2021\/11\/5_THELUUXX_Shooting_Hygge_Table-16-2048x1403.jpg 2048w\" sizes=\"(max-width: 2560px) 100vw, 2560px\" \/><\/p>\t\t\t\t\t\t<\/div>\n\t\t\t\t<\/div>\n\t\t\t\t<div class=\"elementor-element elementor-element-371f4f0 elementor-widget elementor-widget-gallery\" data-id=\"371f4f0\" data-element_type=\"widget\" data-settings=\"{&quot;columns&quot;:3,&quot;aspect_ratio&quot;:&quot;1:1&quot;,&quot;lazyload&quot;:&quot;yes&quot;,&quot;gallery_layout&quot;:&quot;grid&quot;,&quot;columns_tablet&quot;:2,&quot;columns_mobile&quot;:1,&quot;gap&quot;:{&quot;unit&quot;:&quot;px&quot;,&quot;size&quot;:10,&quot;sizes&quot;:[]},&quot;gap_tablet&quot;:{&quot;unit&quot;:&quot;px&quot;,&quot;size&quot;:10,&quot;sizes&quot;:[]},&quot;gap_mobile&quot;:{&quot;unit&quot;:&quot;px&quot;,&quot;size&quot;:10,&quot;sizes&quot;:[]},&quot;link_to&quot;:&quot;file&quot;,&quot;overlay_background&quot;:&quot;yes&quot;,&quot;content_hover_animation&quot;:&quot;fade-in&quot;}\" data-widget_type=\"gallery.default\">\n\t\t\t\t<div class=\"elementor-widget-container\">\n\t\t\t\t\t<div class=\"elementor-gallery__container\">\n\t\t\t\t\t\t\t<a class=\"e-gallery-item elementor-gallery-item elementor-animated-content\" href=\"https:\/\/theluuxx-photographe.fr\/wp-content\/uploads\/2021\/11\/5_THELUUXX_Shooting_Hygge_Table-21-scaled.jpg\" data-elementor-open-lightbox=\"yes\" data-elementor-lightbox-slideshow=\"371f4f0\" data-elementor-lightbox-title=\"Photographie mariage automne Toulouse\" data-elementor-lightbox-description=\"Photographie mariage automne Toulouse\" data-e-action-hash=\"#elementor-action%3Aaction%3Dlightbox%26settings%3DeyJpZCI6MTU4NiwidXJsIjoiaHR0cHM6XC9cL3RoZWx1dXh4LXBob3RvZ3JhcGhlLmZyXC93cC1jb250ZW50XC91cGxvYWRzXC8yMDIxXC8xMVwvNV9USEVMVVVYWF9TaG9vdGluZ19IeWdnZV9UYWJsZS0yMS1zY2FsZWQuanBnIiwic2xpZGVzaG93IjoiMzcxZjRmMCJ9\">\n\t\t\t\t\t<div class=\"e-gallery-image elementor-gallery-item__image\" data-thumbnail=\"https:\/\/theluuxx-photographe.fr\/wp-content\/uploads\/2021\/11\/5_THELUUXX_Shooting_Hygge_Table-21-scaled.jpg\" data-width=\"2560\" data-height=\"1703\" aria-label=\"Photographie mariage automne Toulouse\" role=\"img\" ><\/div>\n\t\t\t\t\t\t\t\t\t\t\t<div class=\"elementor-gallery-item__overlay\"><\/div>\n\t\t\t\t\t\t\t\t\t\t\t\t\t\t<\/a>\n\t\t\t\t\t\t\t<a class=\"e-gallery-item elementor-gallery-item elementor-animated-content\" href=\"https:\/\/theluuxx-photographe.fr\/wp-content\/uploads\/2021\/11\/5_THELUUXX_Shooting_Hygge_Table-23-scaled.jpg\" data-elementor-open-lightbox=\"yes\" data-elementor-lightbox-slideshow=\"371f4f0\" data-elementor-lightbox-title=\"Photographie mariage automne Toulouse\" data-elementor-lightbox-description=\"Photographie mariage automne Toulouse\" data-e-action-hash=\"#elementor-action%3Aaction%3Dlightbox%26settings%3DeyJpZCI6MTU4NywidXJsIjoiaHR0cHM6XC9cL3RoZWx1dXh4LXBob3RvZ3JhcGhlLmZyXC93cC1jb250ZW50XC91cGxvYWRzXC8yMDIxXC8xMVwvNV9USEVMVVVYWF9TaG9vdGluZ19IeWdnZV9UYWJsZS0yMy1zY2FsZWQuanBnIiwic2xpZGVzaG93IjoiMzcxZjRmMCJ9\">\n\t\t\t\t\t<div class=\"e-gallery-image elementor-gallery-item__image\" data-thumbnail=\"https:\/\/theluuxx-photographe.fr\/wp-content\/uploads\/2021\/11\/5_THELUUXX_Shooting_Hygge_Table-23-scaled.jpg\" data-width=\"2560\" data-height=\"1699\" aria-label=\"Photographie mariage automne Toulouse\" role=\"img\" ><\/div>\n\t\t\t\t\t\t\t\t\t\t\t<div class=\"elementor-gallery-item__overlay\"><\/div>\n\t\t\t\t\t\t\t\t\t\t\t\t\t\t<\/a>\n\t\t\t\t\t\t\t<a class=\"e-gallery-item elementor-gallery-item elementor-animated-content\" href=\"https:\/\/theluuxx-photographe.fr\/wp-content\/uploads\/2021\/11\/5_THELUUXX_Shooting_Hygge_Table-2-scaled.jpg\" data-elementor-open-lightbox=\"yes\" data-elementor-lightbox-slideshow=\"371f4f0\" data-elementor-lightbox-title=\"Photographie mariage automne Toulouse\" data-elementor-lightbox-description=\"Photographie mariage automne Toulouse\" data-e-action-hash=\"#elementor-action%3Aaction%3Dlightbox%26settings%3DeyJpZCI6MTU4MiwidXJsIjoiaHR0cHM6XC9cL3RoZWx1dXh4LXBob3RvZ3JhcGhlLmZyXC93cC1jb250ZW50XC91cGxvYWRzXC8yMDIxXC8xMVwvNV9USEVMVVVYWF9TaG9vdGluZ19IeWdnZV9UYWJsZS0yLXNjYWxlZC5qcGciLCJzbGlkZXNob3ciOiIzNzFmNGYwIn0%3D\">\n\t\t\t\t\t<div class=\"e-gallery-image elementor-gallery-item__image\" data-thumbnail=\"https:\/\/theluuxx-photographe.fr\/wp-content\/uploads\/2021\/11\/5_THELUUXX_Shooting_Hygge_Table-2-scaled.jpg\" data-width=\"2560\" data-height=\"1627\" aria-label=\"Photographie mariage automne Toulouse\" role=\"img\" ><\/div>\n\t\t\t\t\t\t\t\t\t\t\t<div class=\"elementor-gallery-item__overlay\"><\/div>\n\t\t\t\t\t\t\t\t\t\t\t\t\t\t<\/a>\n\t\t\t\t\t<\/div>\n\t\t\t<\/div>\n\t\t\t\t<\/div>\n\t\t\t\t\t<\/div>\n\t\t<\/div>\n\t\t\t\t\t<\/div>\n\t\t<\/section>\n\t\t\t\t<section class=\"elementor-section elementor-top-section elementor-element elementor-element-1517ee3 elementor-section-boxed elementor-section-height-default elementor-section-height-default\" data-id=\"1517ee3\" data-element_type=\"section\">\n\t\t\t\t\t\t<div class=\"elementor-container elementor-column-gap-default\">\n\t\t\t\t\t<div class=\"elementor-column elementor-col-100 elementor-top-column elementor-element elementor-element-ef800b4\" data-id=\"ef800b4\" data-element_type=\"column\">\n\t\t\t<div class=\"elementor-widget-wrap elementor-element-populated\">\n\t\t\t\t\t\t<div class=\"elementor-element elementor-element-6c46cf9 elementor-widget elementor-widget-text-editor\" data-id=\"6c46cf9\" data-element_type=\"widget\" data-widget_type=\"text-editor.default\">\n\t\t\t\t<div class=\"elementor-widget-container\">\n\t\t\t\t\t\t\t<p>Dans cette superbe ambiance automnale mise en place par Sourire d&#8217;Aub\u00e9pine, les mari\u00e9s prennent place pour le diner, d\u00e9licieusement pr\u00e9par\u00e9 par Skandi &amp; Pergo.\u00a0Pour ce magnifique mariage d&#8217;automne, un bar \u00e0 boissons chaudes et du chocolat chaud ont \u00e9t\u00e9 mis \u00e0 disposition pour les invit\u00e9s.<\/p>\t\t\t\t\t\t<\/div>\n\t\t\t\t<\/div>\n\t\t\t\t<div class=\"elementor-element elementor-element-3e701fc elementor-widget elementor-widget-gallery\" data-id=\"3e701fc\" data-element_type=\"widget\" data-settings=\"{&quot;aspect_ratio&quot;:&quot;1:1&quot;,&quot;columns&quot;:3,&quot;lazyload&quot;:&quot;yes&quot;,&quot;gallery_layout&quot;:&quot;grid&quot;,&quot;columns_tablet&quot;:2,&quot;columns_mobile&quot;:1,&quot;gap&quot;:{&quot;unit&quot;:&quot;px&quot;,&quot;size&quot;:10,&quot;sizes&quot;:[]},&quot;gap_tablet&quot;:{&quot;unit&quot;:&quot;px&quot;,&quot;size&quot;:10,&quot;sizes&quot;:[]},&quot;gap_mobile&quot;:{&quot;unit&quot;:&quot;px&quot;,&quot;size&quot;:10,&quot;sizes&quot;:[]},&quot;link_to&quot;:&quot;file&quot;,&quot;overlay_background&quot;:&quot;yes&quot;,&quot;content_hover_animation&quot;:&quot;fade-in&quot;}\" data-widget_type=\"gallery.default\">\n\t\t\t\t<div class=\"elementor-widget-container\">\n\t\t\t\t\t<div class=\"elementor-gallery__container\">\n\t\t\t\t\t\t\t<a class=\"e-gallery-item elementor-gallery-item elementor-animated-content\" href=\"https:\/\/theluuxx-photographe.fr\/wp-content\/uploads\/2021\/11\/5_THELUUXX_Shooting_Hygge_Table-scaled.jpg\" data-elementor-open-lightbox=\"yes\" data-elementor-lightbox-slideshow=\"3e701fc\" data-elementor-lightbox-title=\"Photographie mariage automne Toulouse\" data-elementor-lightbox-description=\"Photographie mariage automne Toulouse\" data-e-action-hash=\"#elementor-action%3Aaction%3Dlightbox%26settings%3DeyJpZCI6MTU4OSwidXJsIjoiaHR0cHM6XC9cL3RoZWx1dXh4LXBob3RvZ3JhcGhlLmZyXC93cC1jb250ZW50XC91cGxvYWRzXC8yMDIxXC8xMVwvNV9USEVMVVVYWF9TaG9vdGluZ19IeWdnZV9UYWJsZS1zY2FsZWQuanBnIiwic2xpZGVzaG93IjoiM2U3MDFmYyJ9\">\n\t\t\t\t\t<div class=\"e-gallery-image elementor-gallery-item__image\" data-thumbnail=\"https:\/\/theluuxx-photographe.fr\/wp-content\/uploads\/2021\/11\/5_THELUUXX_Shooting_Hygge_Table-scaled.jpg\" data-width=\"2560\" data-height=\"1640\" aria-label=\"Photographie mariage automne Toulouse\" role=\"img\" ><\/div>\n\t\t\t\t\t\t\t\t\t\t\t<div class=\"elementor-gallery-item__overlay\"><\/div>\n\t\t\t\t\t\t\t\t\t\t\t\t\t\t<\/a>\n\t\t\t\t\t\t\t<a class=\"e-gallery-item elementor-gallery-item elementor-animated-content\" href=\"https:\/\/theluuxx-photographe.fr\/wp-content\/uploads\/2021\/11\/6_THELUUXX_Shooting_Hygge_Repas-11-scaled-e1636471636544.jpg\" data-elementor-open-lightbox=\"yes\" data-elementor-lightbox-slideshow=\"3e701fc\" data-elementor-lightbox-title=\"Photographie mariage automne Toulouse\" data-elementor-lightbox-description=\"Photographie mariage automne Toulouse\" data-e-action-hash=\"#elementor-action%3Aaction%3Dlightbox%26settings%3DeyJpZCI6MTU5MiwidXJsIjoiaHR0cHM6XC9cL3RoZWx1dXh4LXBob3RvZ3JhcGhlLmZyXC93cC1jb250ZW50XC91cGxvYWRzXC8yMDIxXC8xMVwvNl9USEVMVVVYWF9TaG9vdGluZ19IeWdnZV9SZXBhcy0xMS1zY2FsZWQtZTE2MzY0NzE2MzY1NDQuanBnIiwic2xpZGVzaG93IjoiM2U3MDFmYyJ9\">\n\t\t\t\t\t<div class=\"e-gallery-image elementor-gallery-item__image\" data-thumbnail=\"https:\/\/theluuxx-photographe.fr\/wp-content\/uploads\/2021\/11\/6_THELUUXX_Shooting_Hygge_Repas-11-scaled-e1636471636544.jpg\" data-width=\"2438\" data-height=\"1708\" aria-label=\"Photographie mariage automne Toulouse\" role=\"img\" ><\/div>\n\t\t\t\t\t\t\t\t\t\t\t<div class=\"elementor-gallery-item__overlay\"><\/div>\n\t\t\t\t\t\t\t\t\t\t\t\t\t\t<\/a>\n\t\t\t\t\t\t\t<a class=\"e-gallery-item elementor-gallery-item elementor-animated-content\" href=\"https:\/\/theluuxx-photographe.fr\/wp-content\/uploads\/2021\/11\/6_THELUUXX_Shooting_Hygge_Repas-22-scaled.jpg\" data-elementor-open-lightbox=\"yes\" data-elementor-lightbox-slideshow=\"3e701fc\" data-elementor-lightbox-title=\"Photographie Mariage La\u00efque Toulouse\" data-elementor-lightbox-description=\"Photographie Mariage La\u00efque Toulouse\" data-e-action-hash=\"#elementor-action%3Aaction%3Dlightbox%26settings%3DeyJpZCI6MTU5OCwidXJsIjoiaHR0cHM6XC9cL3RoZWx1dXh4LXBob3RvZ3JhcGhlLmZyXC93cC1jb250ZW50XC91cGxvYWRzXC8yMDIxXC8xMVwvNl9USEVMVVVYWF9TaG9vdGluZ19IeWdnZV9SZXBhcy0yMi1zY2FsZWQuanBnIiwic2xpZGVzaG93IjoiM2U3MDFmYyJ9\">\n\t\t\t\t\t<div class=\"e-gallery-image elementor-gallery-item__image\" data-thumbnail=\"https:\/\/theluuxx-photographe.fr\/wp-content\/uploads\/2021\/11\/6_THELUUXX_Shooting_Hygge_Repas-22-scaled.jpg\" data-width=\"2560\" data-height=\"1709\" aria-label=\"Photographie Mariage La\u00efque Toulouse\" role=\"img\" ><\/div>\n\t\t\t\t\t\t\t\t\t\t\t<div class=\"elementor-gallery-item__overlay\"><\/div>\n\t\t\t\t\t\t\t\t\t\t\t\t\t\t<\/a>\n\t\t\t\t\t<\/div>\n\t\t\t<\/div>\n\t\t\t\t<\/div>\n\t\t\t\t<div class=\"elementor-element elementor-element-34d9e2d elementor-widget elementor-widget-text-editor\" data-id=\"34d9e2d\" data-element_type=\"widget\" data-widget_type=\"text-editor.default\">\n\t\t\t\t<div class=\"elementor-widget-container\">\n\t\t\t\t\t\t\t<p style=\"caret-color: #000000; color: #000000; text-align: center;\"><em><span style=\"color: var( --e-global-color-text ); font-family: var( --e-global-typography-text-font-family ), Sans-serif;\">Un grand merci \u00e0 la superbe \u00e9quipe qui nous a permis de r\u00e9alis\u00e9 ce superbe mariage automnal ! Sans eux, rien n&#8217;aurait pu se r\u00e9aliser. Nous esp\u00e9rons que cet article vous aura donn\u00e9 quelques id\u00e9es pour se marier en automne \u00e0 Toulouse.<\/span><\/em><\/p><div class=\"page\" title=\"Page 1\"><div class=\"section\"><div class=\"layoutArea\"><div class=\"column\" style=\"text-align: center;\">&#8211; <a href=\"https:\/\/www.iledetara.com\/\" target=\"_blank\" rel=\"noopener\">Lieu de re\u0301ception<\/a> @iledetara<br \/>&#8211; <a href=\"http:\/\/theluuxx-photographe.fr\">Photographe<\/a> @theluuxx<br \/>&#8211; <a href=\"http:\/\/www.audegrosbois.com\" target=\"_blank\" rel=\"noopener\">Wedding Planner<\/a> @audegrobois<\/div><div class=\"column\" style=\"text-align: center;\">&#8211; <a href=\"https:\/\/skandi.fr\/\" target=\"_blank\" rel=\"noopener\">Traiteur<\/a> @skandi_et_pergo<br \/>&#8211; <a href=\"https:\/\/www.un-jour-un-gateau.fr\" target=\"_blank\" rel=\"noopener\">Ga\u0302teau<\/a> @un._jour._un._gateau<\/div><div class=\"column\" style=\"text-align: center;\">&#8211; <a href=\"https:\/\/souriresdaubepine.com\" target=\"_blank\" rel=\"noopener\">Wedding Designer<\/a> @souriresdaubepine<\/div><div class=\"column\" style=\"text-align: center;\">&#8211; <a href=\"https:\/\/encre-les-lignes.fr\" target=\"_blank\" rel=\"noopener\">Papeterie<\/a> &#8211; @encre.les.lignes<br \/>&#8211; <a href=\"https:\/\/www.d-we.fr\" target=\"_blank\" rel=\"noopener\">Officiante<\/a> &#8211; @delphine_wedding<br \/>&#8211; <a href=\"https:\/\/www.mgdeventhairstyle.com\" target=\"_blank\" rel=\"noopener\">Coiffeuse<\/a> &#8211; @mgdeventhairstyle<\/div><div class=\"column\" style=\"text-align: center;\">&#8211; <a href=\"https:\/\/www.ossoa.fr\" target=\"_blank\" rel=\"noopener\">Maquilleuse<\/a> &#8211; @soabeaute<br \/>&#8211; <a href=\"https:\/\/caroleetco.com\" target=\"_blank\" rel=\"noopener\">Bijoux<\/a> &#8211; @caroleetco<br \/>&#8211; <a href=\"https:\/\/nvjoailliers.com\" target=\"_blank\" rel=\"noopener\">Alliances<\/a> @nvjoailliers<br \/>&#8211; Bijoux de te\u0302te @ledahlianoir_floraldesigner<\/div><div class=\"column\" style=\"text-align: center;\">&#8211; <a href=\"https:\/\/www.mesplusbellesoccasions.fr\" target=\"_blank\" rel=\"noopener\">Robe de mariee<\/a> @mesplusbellesoccasions<\/div><div class=\"column\" style=\"text-align: center;\">&#8211; Costume @fatherandsonsofficiel<\/div><div class=\"column\" style=\"text-align: center;\">&#8211; Robe de l\u2019officiante @lescometes.toulouse<\/div><div class=\"column\" style=\"text-align: center;\"><span style=\"color: var( --e-global-color-text ); font-family: var( --e-global-typography-text-font-family ), Sans-serif;\">&#8211; <a href=\"https:\/\/influencevegetale.fr\" target=\"_blank\" rel=\"noopener\">Fleuriste<\/a> @influencevegetale<\/span><\/div><div class=\"column\" style=\"text-align: center;\"><span style=\"color: var( --e-global-color-text ); font-family: var( --e-global-typography-text-font-family ), Sans-serif;\">&#8211; Marie\u0301e &#8211; Sophie &#8211; @sofromy<\/span><\/div><div class=\"column\" style=\"text-align: center;\">&#8211; Marie\u0301 &#8211; Julien &#8211; @julienmerieux<\/div><\/div><\/div><\/div>\t\t\t\t\t\t<\/div>\n\t\t\t\t<\/div>\n\t\t\t\t\t<\/div>\n\t\t<\/div>\n\t\t\t\t\t<\/div>\n\t\t<\/section>\n\t\t\t\t<\/div>\n\t\t","protected":false},"excerpt":{"rendered":"<p>Getting married in Toulouse in autumn, a wonderful idea? Find here inspirations to prepare your secular ceremony and your decorations.<\/p>\n","protected":false},"author":2,"featured_media":4775,"comment_status":"closed","ping_status":"closed","sticky":false,"template":"","format":"standard","meta":{"footnotes":""},"categories":[271],"tags":[261,281,338,339,317],"yoast_head":"<!-- This site is optimized with the Yoast SEO plugin v22.3 - https:\/\/yoast.com\/wordpress\/plugins\/seo\/ -->\n<title>Getting married in autumn in Toulouse - The Luuxx Photographe<\/title>\n<meta name=\"description\" content=\"Getting married in Toulouse in autumn, a wonderful idea? Find inspiration here to prepare your secular ceremony and your decorations.\" \/>\n<meta name=\"robots\" content=\"index, follow, max-snippet:-1, max-image-preview:large, max-video-preview:-1\" \/>\n<link rel=\"canonical\" href=\"https:\/\/theluuxx-photographe.fr\/en\/getting-married-in-autumn-in-toulouse\/\" \/>\n<meta property=\"og:locale\" content=\"en_US\" \/>\n<meta property=\"og:type\" content=\"article\" \/>\n<meta property=\"og:title\" content=\"Getting married in autumn in Toulouse - The Luuxx Photographe\" \/>\n<meta property=\"og:description\" content=\"Getting married in Toulouse in autumn, a wonderful idea? Find inspiration here to prepare your secular ceremony and your decorations.\" \/>\n<meta property=\"og:url\" content=\"https:\/\/theluuxx-photographe.fr\/en\/getting-married-in-autumn-in-toulouse\/\" \/>\n<meta property=\"og:site_name\" content=\"The Luuxx Photographe\" \/>\n<meta property=\"article:publisher\" content=\"https:\/\/www.facebook.com\/theluuxx\/\" \/>\n<meta property=\"article:published_time\" content=\"2022-06-06T14:41:25+00:00\" \/>\n<meta property=\"article:modified_time\" content=\"2022-06-06T14:41:26+00:00\" \/>\n<meta property=\"og:image\" content=\"https:\/\/theluuxx-photographe.fr\/wp-content\/uploads\/2021\/11\/4_THELUUXX_Shooting_Hygge_Ceremonie_couple-11-scaled.jpg\" \/>\n\t<meta property=\"og:image:width\" content=\"2560\" \/>\n\t<meta property=\"og:image:height\" content=\"1709\" \/>\n\t<meta property=\"og:image:type\" content=\"image\/jpeg\" \/>\n<meta name=\"author\" content=\"theluuxx@outlook.fr\" \/>\n<meta name=\"twitter:card\" content=\"summary_large_image\" \/>\n<meta name=\"twitter:label1\" content=\"Written by\" \/>\n\t<meta name=\"twitter:data1\" content=\"theluuxx@outlook.fr\" \/>\n\t<meta name=\"twitter:label2\" content=\"Est. reading time\" \/>\n\t<meta name=\"twitter:data2\" content=\"3 minutes\" \/>\n<script type=\"application\/ld+json\" class=\"yoast-schema-graph\">{\"@context\":\"https:\/\/schema.org\",\"@graph\":[{\"@type\":\"Article\",\"@id\":\"https:\/\/theluuxx-photographe.fr\/en\/getting-married-in-autumn-in-toulouse\/#article\",\"isPartOf\":{\"@id\":\"https:\/\/theluuxx-photographe.fr\/en\/getting-married-in-autumn-in-toulouse\/\"},\"author\":{\"name\":\"theluuxx@outlook.fr\",\"@id\":\"https:\/\/theluuxx-photographe.fr\/en\/#\/schema\/person\/b8d393292d6dbca3c0819f284033580b\"},\"headline\":\"Getting married in autumn in Toulouse\",\"datePublished\":\"2022-06-06T14:41:25+00:00\",\"dateModified\":\"2022-06-06T14:41:26+00:00\",\"mainEntityOfPage\":{\"@id\":\"https:\/\/theluuxx-photographe.fr\/en\/getting-married-in-autumn-in-toulouse\/\"},\"wordCount\":684,\"publisher\":{\"@id\":\"https:\/\/theluuxx-photographe.fr\/en\/#organization\"},\"image\":{\"@id\":\"https:\/\/theluuxx-photographe.fr\/en\/getting-married-in-autumn-in-toulouse\/#primaryimage\"},\"thumbnailUrl\":\"https:\/\/theluuxx-photographe.fr\/wp-content\/uploads\/2021\/11\/4_THELUUXX_Shooting_Hygge_Ceremonie_couple-11-scaled.jpg\",\"keywords\":[\"eco-responsible photographer toulouse\",\"eco-responsible wedding\",\"eco-responsible wedding toulouse\",\"fall wedding\",\"toulouse wedding\"],\"articleSection\":[\"Wedding Picture\"],\"inLanguage\":\"en-US\"},{\"@type\":\"WebPage\",\"@id\":\"https:\/\/theluuxx-photographe.fr\/en\/getting-married-in-autumn-in-toulouse\/\",\"url\":\"https:\/\/theluuxx-photographe.fr\/en\/getting-married-in-autumn-in-toulouse\/\",\"name\":\"Getting married in autumn in Toulouse - The Luuxx Photographe\",\"isPartOf\":{\"@id\":\"https:\/\/theluuxx-photographe.fr\/en\/#website\"},\"primaryImageOfPage\":{\"@id\":\"https:\/\/theluuxx-photographe.fr\/en\/getting-married-in-autumn-in-toulouse\/#primaryimage\"},\"image\":{\"@id\":\"https:\/\/theluuxx-photographe.fr\/en\/getting-married-in-autumn-in-toulouse\/#primaryimage\"},\"thumbnailUrl\":\"https:\/\/theluuxx-photographe.fr\/wp-content\/uploads\/2021\/11\/4_THELUUXX_Shooting_Hygge_Ceremonie_couple-11-scaled.jpg\",\"datePublished\":\"2022-06-06T14:41:25+00:00\",\"dateModified\":\"2022-06-06T14:41:26+00:00\",\"description\":\"Getting married in Toulouse in autumn, a wonderful idea? Find inspiration here to prepare your secular ceremony and your decorations.\",\"breadcrumb\":{\"@id\":\"https:\/\/theluuxx-photographe.fr\/en\/getting-married-in-autumn-in-toulouse\/#breadcrumb\"},\"inLanguage\":\"en-US\",\"potentialAction\":[{\"@type\":\"ReadAction\",\"target\":[\"https:\/\/theluuxx-photographe.fr\/en\/getting-married-in-autumn-in-toulouse\/\"]}]},{\"@type\":\"ImageObject\",\"inLanguage\":\"en-US\",\"@id\":\"https:\/\/theluuxx-photographe.fr\/en\/getting-married-in-autumn-in-toulouse\/#primaryimage\",\"url\":\"https:\/\/theluuxx-photographe.fr\/wp-content\/uploads\/2021\/11\/4_THELUUXX_Shooting_Hygge_Ceremonie_couple-11-scaled.jpg\",\"contentUrl\":\"https:\/\/theluuxx-photographe.fr\/wp-content\/uploads\/2021\/11\/4_THELUUXX_Shooting_Hygge_Ceremonie_couple-11-scaled.jpg\",\"width\":2560,\"height\":1709},{\"@type\":\"BreadcrumbList\",\"@id\":\"https:\/\/theluuxx-photographe.fr\/en\/getting-married-in-autumn-in-toulouse\/#breadcrumb\",\"itemListElement\":[{\"@type\":\"ListItem\",\"position\":1,\"name\":\"Accueil\",\"item\":\"https:\/\/theluuxx-photographe.fr\/en\/\"},{\"@type\":\"ListItem\",\"position\":2,\"name\":\"Getting married in autumn in Toulouse\"}]},{\"@type\":\"WebSite\",\"@id\":\"https:\/\/theluuxx-photographe.fr\/en\/#website\",\"url\":\"https:\/\/theluuxx-photographe.fr\/en\/\",\"name\":\"The Luuxx Photographe\",\"description\":\"Photographe professionnelle bas\u00e9e sur Toulouse\",\"publisher\":{\"@id\":\"https:\/\/theluuxx-photographe.fr\/en\/#organization\"},\"potentialAction\":[{\"@type\":\"SearchAction\",\"target\":{\"@type\":\"EntryPoint\",\"urlTemplate\":\"https:\/\/theluuxx-photographe.fr\/en\/?s={search_term_string}\"},\"query-input\":\"required name=search_term_string\"}],\"inLanguage\":\"en-US\"},{\"@type\":\"Organization\",\"@id\":\"https:\/\/theluuxx-photographe.fr\/en\/#organization\",\"name\":\"The Luuxx Photographe\",\"url\":\"https:\/\/theluuxx-photographe.fr\/en\/\",\"logo\":{\"@type\":\"ImageObject\",\"inLanguage\":\"en-US\",\"@id\":\"https:\/\/theluuxx-photographe.fr\/en\/#\/schema\/logo\/image\/\",\"url\":\"https:\/\/theluuxx-photographe.fr\/wp-content\/uploads\/2023\/02\/logo-v7.webp\",\"contentUrl\":\"https:\/\/theluuxx-photographe.fr\/wp-content\/uploads\/2023\/02\/logo-v7.webp\",\"width\":129,\"height\":74,\"caption\":\"The Luuxx Photographe\"},\"image\":{\"@id\":\"https:\/\/theluuxx-photographe.fr\/en\/#\/schema\/logo\/image\/\"},\"sameAs\":[\"https:\/\/www.facebook.com\/theluuxx\/\"]},{\"@type\":\"Person\",\"@id\":\"https:\/\/theluuxx-photographe.fr\/en\/#\/schema\/person\/b8d393292d6dbca3c0819f284033580b\",\"name\":\"theluuxx@outlook.fr\",\"image\":{\"@type\":\"ImageObject\",\"inLanguage\":\"en-US\",\"@id\":\"https:\/\/theluuxx-photographe.fr\/en\/#\/schema\/person\/image\/\",\"url\":\"https:\/\/secure.gravatar.com\/avatar\/88d53dcf1e28d03f74e6845db03c55e4?s=96&d=mm&r=g\",\"contentUrl\":\"https:\/\/secure.gravatar.com\/avatar\/88d53dcf1e28d03f74e6845db03c55e4?s=96&d=mm&r=g\",\"caption\":\"theluuxx@outlook.fr\"},\"url\":\"https:\/\/theluuxx-photographe.fr\/en\/author\/theluuxxoutlook-fr\/\"}]}<\/script>\n<!-- \/ Yoast SEO plugin. -->","yoast_head_json":{"title":"Getting married in autumn in Toulouse - The Luuxx Photographe","description":"Getting married in Toulouse in autumn, a wonderful idea? Find inspiration here to prepare your secular ceremony and your decorations.","robots":{"index":"index","follow":"follow","max-snippet":"max-snippet:-1","max-image-preview":"max-image-preview:large","max-video-preview":"max-video-preview:-1"},"canonical":"https:\/\/theluuxx-photographe.fr\/en\/getting-married-in-autumn-in-toulouse\/","og_locale":"en_US","og_type":"article","og_title":"Getting married in autumn in Toulouse - The Luuxx Photographe","og_description":"Getting married in Toulouse in autumn, a wonderful idea? Find inspiration here to prepare your secular ceremony and your decorations.","og_url":"https:\/\/theluuxx-photographe.fr\/en\/getting-married-in-autumn-in-toulouse\/","og_site_name":"The Luuxx Photographe","article_publisher":"https:\/\/www.facebook.com\/theluuxx\/","article_published_time":"2022-06-06T14:41:25+00:00","article_modified_time":"2022-06-06T14:41:26+00:00","og_image":[{"width":2560,"height":1709,"url":"https:\/\/theluuxx-photographe.fr\/wp-content\/uploads\/2021\/11\/4_THELUUXX_Shooting_Hygge_Ceremonie_couple-11-scaled.jpg","type":"image\/jpeg"}],"author":"theluuxx@outlook.fr","twitter_card":"summary_large_image","twitter_misc":{"Written by":"theluuxx@outlook.fr","Est. reading time":"3 minutes"},"schema":{"@context":"https:\/\/schema.org","@graph":[{"@type":"Article","@id":"https:\/\/theluuxx-photographe.fr\/en\/getting-married-in-autumn-in-toulouse\/#article","isPartOf":{"@id":"https:\/\/theluuxx-photographe.fr\/en\/getting-married-in-autumn-in-toulouse\/"},"author":{"name":"theluuxx@outlook.fr","@id":"https:\/\/theluuxx-photographe.fr\/en\/#\/schema\/person\/b8d393292d6dbca3c0819f284033580b"},"headline":"Getting married in autumn in Toulouse","datePublished":"2022-06-06T14:41:25+00:00","dateModified":"2022-06-06T14:41:26+00:00","mainEntityOfPage":{"@id":"https:\/\/theluuxx-photographe.fr\/en\/getting-married-in-autumn-in-toulouse\/"},"wordCount":684,"publisher":{"@id":"https:\/\/theluuxx-photographe.fr\/en\/#organization"},"image":{"@id":"https:\/\/theluuxx-photographe.fr\/en\/getting-married-in-autumn-in-toulouse\/#primaryimage"},"thumbnailUrl":"https:\/\/theluuxx-photographe.fr\/wp-content\/uploads\/2021\/11\/4_THELUUXX_Shooting_Hygge_Ceremonie_couple-11-scaled.jpg","keywords":["eco-responsible photographer toulouse","eco-responsible wedding","eco-responsible wedding toulouse","fall wedding","toulouse wedding"],"articleSection":["Wedding Picture"],"inLanguage":"en-US"},{"@type":"WebPage","@id":"https:\/\/theluuxx-photographe.fr\/en\/getting-married-in-autumn-in-toulouse\/","url":"https:\/\/theluuxx-photographe.fr\/en\/getting-married-in-autumn-in-toulouse\/","name":"Getting married in autumn in Toulouse - The Luuxx Photographe","isPartOf":{"@id":"https:\/\/theluuxx-photographe.fr\/en\/#website"},"primaryImageOfPage":{"@id":"https:\/\/theluuxx-photographe.fr\/en\/getting-married-in-autumn-in-toulouse\/#primaryimage"},"image":{"@id":"https:\/\/theluuxx-photographe.fr\/en\/getting-married-in-autumn-in-toulouse\/#primaryimage"},"thumbnailUrl":"https:\/\/theluuxx-photographe.fr\/wp-content\/uploads\/2021\/11\/4_THELUUXX_Shooting_Hygge_Ceremonie_couple-11-scaled.jpg","datePublished":"2022-06-06T14:41:25+00:00","dateModified":"2022-06-06T14:41:26+00:00","description":"Getting married in Toulouse in autumn, a wonderful idea? Find inspiration here to prepare your secular ceremony and your decorations.","breadcrumb":{"@id":"https:\/\/theluuxx-photographe.fr\/en\/getting-married-in-autumn-in-toulouse\/#breadcrumb"},"inLanguage":"en-US","potentialAction":[{"@type":"ReadAction","target":["https:\/\/theluuxx-photographe.fr\/en\/getting-married-in-autumn-in-toulouse\/"]}]},{"@type":"ImageObject","inLanguage":"en-US","@id":"https:\/\/theluuxx-photographe.fr\/en\/getting-married-in-autumn-in-toulouse\/#primaryimage","url":"https:\/\/theluuxx-photographe.fr\/wp-content\/uploads\/2021\/11\/4_THELUUXX_Shooting_Hygge_Ceremonie_couple-11-scaled.jpg","contentUrl":"https:\/\/theluuxx-photographe.fr\/wp-content\/uploads\/2021\/11\/4_THELUUXX_Shooting_Hygge_Ceremonie_couple-11-scaled.jpg","width":2560,"height":1709},{"@type":"BreadcrumbList","@id":"https:\/\/theluuxx-photographe.fr\/en\/getting-married-in-autumn-in-toulouse\/#breadcrumb","itemListElement":[{"@type":"ListItem","position":1,"name":"Accueil","item":"https:\/\/theluuxx-photographe.fr\/en\/"},{"@type":"ListItem","position":2,"name":"Getting married in autumn in Toulouse"}]},{"@type":"WebSite","@id":"https:\/\/theluuxx-photographe.fr\/en\/#website","url":"https:\/\/theluuxx-photographe.fr\/en\/","name":"The Luuxx Photographe","description":"Photographe professionnelle bas\u00e9e sur Toulouse","publisher":{"@id":"https:\/\/theluuxx-photographe.fr\/en\/#organization"},"potentialAction":[{"@type":"SearchAction","target":{"@type":"EntryPoint","urlTemplate":"https:\/\/theluuxx-photographe.fr\/en\/?s={search_term_string}"},"query-input":"required name=search_term_string"}],"inLanguage":"en-US"},{"@type":"Organization","@id":"https:\/\/theluuxx-photographe.fr\/en\/#organization","name":"The Luuxx Photographe","url":"https:\/\/theluuxx-photographe.fr\/en\/","logo":{"@type":"ImageObject","inLanguage":"en-US","@id":"https:\/\/theluuxx-photographe.fr\/en\/#\/schema\/logo\/image\/","url":"https:\/\/theluuxx-photographe.fr\/wp-content\/uploads\/2023\/02\/logo-v7.webp","contentUrl":"https:\/\/theluuxx-photographe.fr\/wp-content\/uploads\/2023\/02\/logo-v7.webp","width":129,"height":74,"caption":"The Luuxx Photographe"},"image":{"@id":"https:\/\/theluuxx-photographe.fr\/en\/#\/schema\/logo\/image\/"},"sameAs":["https:\/\/www.facebook.com\/theluuxx\/"]},{"@type":"Person","@id":"https:\/\/theluuxx-photographe.fr\/en\/#\/schema\/person\/b8d393292d6dbca3c0819f284033580b","name":"theluuxx@outlook.fr","image":{"@type":"ImageObject","inLanguage":"en-US","@id":"https:\/\/theluuxx-photographe.fr\/en\/#\/schema\/person\/image\/","url":"https:\/\/secure.gravatar.com\/avatar\/88d53dcf1e28d03f74e6845db03c55e4?s=96&d=mm&r=g","contentUrl":"https:\/\/secure.gravatar.com\/avatar\/88d53dcf1e28d03f74e6845db03c55e4?s=96&d=mm&r=g","caption":"theluuxx@outlook.fr"},"url":"https:\/\/theluuxx-photographe.fr\/en\/author\/theluuxxoutlook-fr\/"}]}},"_links":{"self":[{"href":"https:\/\/theluuxx-photographe.fr\/en\/wp-json\/wp\/v2\/posts\/5328"}],"collection":[{"href":"https:\/\/theluuxx-photographe.fr\/en\/wp-json\/wp\/v2\/posts"}],"about":[{"href":"https:\/\/theluuxx-photographe.fr\/en\/wp-json\/wp\/v2\/types\/post"}],"author":[{"embeddable":true,"href":"https:\/\/theluuxx-photographe.fr\/en\/wp-json\/wp\/v2\/users\/2"}],"replies":[{"embeddable":true,"href":"https:\/\/theluuxx-photographe.fr\/en\/wp-json\/wp\/v2\/comments?post=5328"}],"version-history":[{"count":1,"href":"https:\/\/theluuxx-photographe.fr\/en\/wp-json\/wp\/v2\/posts\/5328\/revisions"}],"predecessor-version":[{"id":5332,"href":"https:\/\/theluuxx-photographe.fr\/en\/wp-json\/wp\/v2\/posts\/5328\/revisions\/5332"}],"wp:featuredmedia":[{"embeddable":true,"href":"https:\/\/theluuxx-photographe.fr\/en\/wp-json\/wp\/v2\/media\/4775"}],"wp:attachment":[{"href":"https:\/\/theluuxx-photographe.fr\/en\/wp-json\/wp\/v2\/media?parent=5328"}],"wp:term":[{"taxonomy":"category","embeddable":true,"href":"https:\/\/theluuxx-photographe.fr\/en\/wp-json\/wp\/v2\/categories?post=5328"},{"taxonomy":"post_tag","embeddable":true,"href":"https:\/\/theluuxx-photographe.fr\/en\/wp-json\/wp\/v2\/tags?post=5328"}],"curies":[{"name":"wp","href":"https:\/\/api.w.org\/{rel}","templated":true}]}}